{"id":8970,"date":"2019-01-04T00:00:00","date_gmt":"2019-01-04T00:00:00","guid":{"rendered":"https:\/\/www.edypro-online.com\/edypro-finalizo-2018-con-una-produccion-de-mas-de-600-toneladas\/"},"modified":"2019-01-04T00:00:00","modified_gmt":"2019-01-04T00:00:00","slug":"edypro-finalizo-2018-con-una-produccion-de-mas-de-600-toneladas","status":"publish","type":"post","link":"https:\/\/edyprobiotec.com\/it\/edypro-finalizo-2018-con-una-produccion-de-mas-de-600-toneladas\/","title":{"rendered":"EDYPRO finaliz\u00f3 2018 con una producci\u00f3n de m\u00e1s de 600 toneladas"},"content":{"rendered":"<p>EDYPRO Biotecnolog\u00eda ha cerrado 2018 con <strong>una producci\u00f3n de 630 toneladas de productos biotecnol\u00f3gicos acabados<\/strong>. La cifra supone un incremento de m\u00e1s del 14% respecto a la producci\u00f3n de 2017, cuando se alcanzaron las 548 toneladas.<\/p>\n<p>Este aumento de la producci\u00f3n se ha podido llevar a cabo gracias a la <strong>mejora constante de los procesos de fabricaci\u00f3n, la incorporaci\u00f3n de nuevos clientes y al lanzamiento de tres nuevos productos<\/strong>.<\/p>\n<p><span style=\"color: #800080;\"><a style=\"color: #800080;\" href=\"\/it\/productos-fertilizantes-biotecnologicos\/estimulantes\/estimulantes-desarrollo\/edypro-enraizante\/\" target=\"_blank\" rel=\"noopener noreferrer\"><strong>ENRAIZANTE ESPECIAL<\/strong><\/a> <\/span>sali\u00f3 al mercado en abril y se trata de un producto biotecnol\u00f3gico especial con amino\u00e1cidos y micronutrientes que activa el potente desarrollo de las ra\u00edces secundarias y pelos absorbentes de los cultivos. Ayuda al enraizamiento en momentos cr\u00edticos y su eficiencia se ha demostrado en cultivos de hort\u00edcolas bajo abrigo y en c\u00edtricos, donde logr\u00f3 recuperar el sistema radicular da\u00f1ado por la intoxicaci\u00f3n de herbicidas.<\/p>\n<p>En agosto de 2018 EDYPRO lanz\u00f3 <span style=\"color: #800080;\"><a style=\"color: #800080;\" href=\"\/it\/productos-fertilizantes-biotecnologicos\/correctores\/ca-fruit\/\" target=\"_blank\" rel=\"noopener noreferrer\"><strong>CA-FRUIT<\/strong><\/a><\/span>, una formulaci\u00f3n biotecnol\u00f3gica especial de calcio de alto contenido sin nitr\u00f3geno que facilita el engrosamiento de los frutos, favoreciendo sus condiciones organol\u00e9pticas y alargando la vida post recolecci\u00f3n del fruto. Este producto ha logrado una gran aceptaci\u00f3n en el mercado con una demanda constante que en apenas dos meses lo situ\u00f3 en el grupo de productos de volumen medio de la compa\u00f1\u00eda.<\/p>\n<p>El \u00faltimo lanzamiento del a\u00f1o fue <span style=\"color: #800080;\"><a style=\"color: #800080;\" href=\"\/it\/productos-fertilizantes-biotecnologicos\/correctores\/zima-max-fierro\/\" target=\"_blank\" rel=\"noopener noreferrer\"><strong>ZIMA MAX FIERRO<\/strong><\/a><\/span>, una soluci\u00f3n de microelementos de zinc, manganeso y hierro de alt\u00edsima concentraci\u00f3n. Su doble efecto ayuda a corregir de modo expr\u00e9s las carencias de estos elementos y a preverlas gracias a su efecto de lenta liberaci\u00f3n.<\/p>\n<p>Durante 2018 EDYPRO <strong>ha afianzado su presencia en las zonas arroceras de Portugal, Francia e Italia<\/strong>, donde ha llevado a cabo el registro de sus productos para agricultura biol\u00f3gica. Adem\u00e1s, ha mantenido contacto con posibles clientes de China que han mostrado gran inter\u00e9s por los productos biotecnol\u00f3gicos para la producci\u00f3n de arroz Sin Residuos y han visitado en dos ocasiones Espa\u00f1a para conocer las innovaciones de EDYPRO y sus resultados en campo.<\/p>\n<p>En el mercado nacional, la compa\u00f1\u00eda <strong>ha reforzado su equipo de Ventas y ha iniciado su expansi\u00f3n a la zona de Murcia<\/strong>. Tambi\u00e9n ha participado en numerosas jornadas en las zonas agr\u00edcolas m\u00e1s destacadas del pa\u00eds.<\/p>\n<p><strong>Objetivos para 2019<\/strong><\/p>\n<p>EDYPRO se ha marcado como objetivo para el nuevo a\u00f1o <strong>alcanzar una producci\u00f3n de 700 toneladas, manteniendo la misma calidad de producto acabado y de servicio para sus clientes<\/strong>. Tiene previsto presentar dos nuevos productos que est\u00e1n en la fase de prelanzamiento.<\/p>\n<p>En cuanto a la apertura de nuevos mercados, la compa\u00f1\u00eda quiere <strong>finalizar su implantaci\u00f3n en Murcia y reforzar su posici\u00f3n en Huelva, Sevilla y Extremadura<\/strong> y lograr mayor penetraci\u00f3n en las zonas de trabajo, tanto a nivel nacional como internacional. Para lograr los objetivos previstos, EDYPRO est\u00e1 en fase de incorporaci\u00f3n representantes t\u00e9cnico comerciales en varias zonas.<\/p>","protected":false},"excerpt":{"rendered":"<p>EDYPRO Biotecnolog\u00eda ha cerrado 2018 con una producci\u00f3n de 630 toneladas de productos biotecnol\u00f3gicos acabados. La cifra supone un incremento de m\u00e1s del 14% respecto a la producci\u00f3n de 2017, cuando se alcanzaron las 548 toneladas. Este aumento de la producci\u00f3n se ha podido llevar a cabo gracias a la mejora constante de los procesos [&hellip;]<\/p>\n","protected":false},"author":1,"featured_media":12533,"comment_status":"closed","ping_status":"closed","sticky":false,"template":"","format":"standard","meta":{"_acf_changed":false,"inline_featured_image":false,"footnotes":""},"categories":[56],"tags":[],"class_list":["post-8970","post","type-post","status-publish","format-standard","has-post-thumbnail","hentry","category-actualidad"],"acf":[],"_links":{"self":[{"href":"https:\/\/edyprobiotec.com\/it\/wp-json\/wp\/v2\/posts\/8970","targetHints":{"allow":["GET"]}}],"collection":[{"href":"https:\/\/edyprobiotec.com\/it\/wp-json\/wp\/v2\/posts"}],"about":[{"href":"https:\/\/edyprobiotec.com\/it\/wp-json\/wp\/v2\/types\/post"}],"author":[{"embeddable":true,"href":"https:\/\/edyprobiotec.com\/it\/wp-json\/wp\/v2\/users\/1"}],"replies":[{"embeddable":true,"href":"https:\/\/edyprobiotec.com\/it\/wp-json\/wp\/v2\/comments?post=8970"}],"version-history":[{"count":0,"href":"https:\/\/edyprobiotec.com\/it\/wp-json\/wp\/v2\/posts\/8970\/revisions"}],"wp:featuredmedia":[{"embeddable":true,"href":"https:\/\/edyprobiotec.com\/it\/wp-json\/wp\/v2\/media\/12533"}],"wp:attachment":[{"href":"https:\/\/edyprobiotec.com\/it\/wp-json\/wp\/v2\/media?parent=8970"}],"wp:term":[{"taxonomy":"category","embeddable":true,"href":"https:\/\/edyprobiotec.com\/it\/wp-json\/wp\/v2\/categories?post=8970"},{"taxonomy":"post_tag","embeddable":true,"href":"https:\/\/edyprobiotec.com\/it\/wp-json\/wp\/v2\/tags?post=8970"}],"curies":[{"name":"wp","href":"https:\/\/api.w.org\/{rel}","templated":true}]}}