{"id":9107,"date":"2019-10-03T00:00:00","date_gmt":"2019-10-03T00:00:00","guid":{"rendered":"https:\/\/www.edypro-online.com\/entrevista-a-luis-canovas-delegado-comercial-de-edypro-en-la-region-de-murcia\/"},"modified":"2019-10-03T00:00:00","modified_gmt":"2019-10-03T00:00:00","slug":"entrevista-a-luis-canovas-delegado-comercial-de-edypro-en-la-region-de-murcia","status":"publish","type":"post","link":"https:\/\/edyprobiotec.com\/it\/entrevista-a-luis-canovas-delegado-comercial-de-edypro-en-la-region-de-murcia\/","title":{"rendered":"Entrevista a Luis C\u00e1novas, delegado comercial de EDYPRO en la Regi\u00f3n de Murcia"},"content":{"rendered":"<p style=\"text-align: justify;\">Tras una intensa formaci\u00f3n como comercial en varias compa\u00f1\u00edas del sector agr\u00edcola, Luis C\u00e1novas ha llegado este a\u00f1o a <strong>EDYPRO<\/strong> para gestionar, como t\u00e9cnico comercial, toda la zona de Murcia y Alicante, donde su principal objetivo es ir abri\u00e9ndose paso e ir consolidando la marca <strong>EDYPRO<\/strong> como referente de productos de calidad.<\/p>\n<p style=\"text-align: justify;\">Asegura que es un gran reto y responsabilidad pero cree que la empresa y su tecnolog\u00eda \u201cencaja perfectamente con la idiosincrasia del campo murciano y visi\u00f3n de la agricultura\u201d.<\/p>\n<ul>\n<li><strong>\u00bfCu\u00e1l ha sido su trayectoria profesional y evoluci\u00f3n hasta llegar a EDYPRO Biotecnolog\u00eda, y cu\u00e1l su formaci\u00f3n? <\/strong><\/li>\n<\/ul>\n<p style=\"text-align: justify;\">Tengo el t\u00edtulo de t\u00e9cnico en explotaciones agrarias intensivas. Comenc\u00e9 mi trayectoria profesional en la Cooperativa Coato en la secci\u00f3n de suministros donde desempe\u00f1\u00e9 labores de atenci\u00f3n al cliente, donde estuve cuatro a\u00f1os.<\/p>\n<p style=\"text-align: justify;\">Despu\u00e9s de haber trabajado en varias empresas del sector dedicadas a fertilizantes y nutricionales b\u00e1sicos desempe\u00f1ando labores de comercial en la zona de Murcia he pasado a la biotecnolog\u00eda.<\/p>\n<ul>\n<li><strong>\u00bfCu\u00e1les son las principales labores que desempe\u00f1a en su cargo? <\/strong><\/li>\n<\/ul>\n<p style=\"text-align: justify;\">Bueno, las principales labores a desempe\u00f1ar ser\u00e1n construir una red comercial con nuevos Colaboradores \/ Distribuidores que nos ayuden a dar a conocer la biotecnolog\u00eda de <strong>EDYPRO<\/strong> tanto a agricultores como a grandes empresas en la zona de la Region d\u00e9 Murcia y Alicante, para poder mostrarles el valor a\u00f1adido que pueden obtener con nuestros productos.<\/p>\n<ul>\n<li><strong>Murcia es una de las \u00e1reas agr\u00edcolas junto a Almer\u00eda de mayor importancia \u00bfC\u00f3mo lleva esta responsabilidad y gran reto? <\/strong><\/li>\n<\/ul>\n<p>Es cierto que es un gran reto y una gran responsabilidad, pero creo firmemente que la empresa y sus tecnolog\u00edas encajan perfectamente con la idiosincrasia del campo murciano y con su visi\u00f3n de la agricultura. Este hecho me hace afrontar la tarea con muchas ganas, ilusi\u00f3n y confianza ya que estoy seguro que trabajando duro y con perseverancia conseguiremos que <strong>EDYPRO<\/strong> se convierta en una empresa de referencia en la zona.<\/p>\n<ul>\n<li><strong>\u00bfEn qu\u00e9 a\u00f1o se incorpor\u00f3 a trabajar con EDYPRO y cu\u00e1les fueron los principales objetivos que se marc\u00f3 en su \u00e1rea? <\/strong><\/li>\n<\/ul>\n<p style=\"text-align: justify;\">He empezado este mismo a\u00f1o y mi principal objetivo es ir abri\u00e9ndome paso en la zona e ir consolidando la marca <strong>EDYPRO<\/strong> como una garant\u00eda de productos de calidad y excelentes resultados agron\u00f3micos. Adem\u00e1s de crear una red de colaboradores-distribuidores que compartan la visi\u00f3n de nuestra empresa de buscar siempre la m\u00e1xima calidad, producci\u00f3n. La idea principal es aportar valor a todos los eslabones de esta cadena que es la agricultura.<\/p>\n<ul>\n<li><strong>Por su relaci\u00f3n con el cliente, \u00bfqu\u00e9 valor destacan de las soluciones biotecnol\u00f3gicas de EDYPRO? <\/strong><\/li>\n<\/ul>\n<p>Los agricultores destacan sobre todo la eficacia de los productos, que han conseguido destacar de manera clara con sus competidores, la labor de asesoramiento que brindamos y procuramos llevar al m\u00e1ximo nivel y la b\u00fasqueda de la excelencia en la producci\u00f3n, ya que siempre intentamos conseguir el m\u00e1ximo rendimiento en todos los factores de la cosecha como en la producci\u00f3n, calibres, brix y sabor.<\/p>\n<ul>\n<li><strong>\u00bfCu\u00e1les son las soluciones biotecnol\u00f3gicas de EDYPRO m\u00e1s demandadas en la zona de Murcia? <\/strong><\/li>\n<\/ul>\n<p style=\"text-align: justify;\">Los productos que m\u00e1s \u00e9xito est\u00e1n teniendo en Murcia son <strong><a href=\"https:\/\/edyprobiotec.com\/it\/prodotto\/biotecnologia-de-precision\/coupe-regeneracion-plus\/\">COUP\u00c9 REGENERACI\u00d3N Plus<\/a><\/strong>, por su capacidad de regenerar suelos y aportarles fertilidad hasta en las condiciones m\u00e1s adversas y con suelos y aguas salinas, <strong><a href=\"https:\/\/edyprobiotec.com\/it\/prodotto\/biotecnologia-de-control\/melastop\/\">MELASTOP<\/a>,<\/strong> no solo por su acci\u00f3n como mojante, antiespumante y regulador de PH sino tambi\u00e9n por el efecto que tiene de potenciador de acci\u00f3n de los productos fitosanitarios y a su vez reducir loa LMRs y <strong><a href=\"https:\/\/edyprobiotec.com\/it\/prodotto\/biotecnologia-de-control\/cenicienta\/\">CENICIENTA<\/a><\/strong> por su eficacia a la hora de fortalecer los cultivos impidiendo de forma muy destacada los problemas en la lucha contra o\u00eddio.<\/p>","protected":false},"excerpt":{"rendered":"<p>Tras una intensa formaci\u00f3n como comercial en varias compa\u00f1\u00edas del sector agr\u00edcola, Luis C\u00e1novas ha llegado este a\u00f1o a EDYPRO para gestionar, como t\u00e9cnico comercial, toda la zona de Murcia y Alicante, donde su principal objetivo es ir abri\u00e9ndose paso e ir consolidando la marca EDYPRO como referente de productos de calidad. Asegura que es [&hellip;]<\/p>\n","protected":false},"author":1,"featured_media":12567,"comment_status":"closed","ping_status":"closed","sticky":false,"template":"","format":"standard","meta":{"_acf_changed":false,"inline_featured_image":false,"footnotes":""},"categories":[56],"tags":[],"class_list":["post-9107","post","type-post","status-publish","format-standard","has-post-thumbnail","hentry","category-actualidad"],"acf":[],"_links":{"self":[{"href":"https:\/\/edyprobiotec.com\/it\/wp-json\/wp\/v2\/posts\/9107","targetHints":{"allow":["GET"]}}],"collection":[{"href":"https:\/\/edyprobiotec.com\/it\/wp-json\/wp\/v2\/posts"}],"about":[{"href":"https:\/\/edyprobiotec.com\/it\/wp-json\/wp\/v2\/types\/post"}],"author":[{"embeddable":true,"href":"https:\/\/edyprobiotec.com\/it\/wp-json\/wp\/v2\/users\/1"}],"replies":[{"embeddable":true,"href":"https:\/\/edyprobiotec.com\/it\/wp-json\/wp\/v2\/comments?post=9107"}],"version-history":[{"count":0,"href":"https:\/\/edyprobiotec.com\/it\/wp-json\/wp\/v2\/posts\/9107\/revisions"}],"wp:featuredmedia":[{"embeddable":true,"href":"https:\/\/edyprobiotec.com\/it\/wp-json\/wp\/v2\/media\/12567"}],"wp:attachment":[{"href":"https:\/\/edyprobiotec.com\/it\/wp-json\/wp\/v2\/media?parent=9107"}],"wp:term":[{"taxonomy":"category","embeddable":true,"href":"https:\/\/edyprobiotec.com\/it\/wp-json\/wp\/v2\/categories?post=9107"},{"taxonomy":"post_tag","embeddable":true,"href":"https:\/\/edyprobiotec.com\/it\/wp-json\/wp\/v2\/tags?post=9107"}],"curies":[{"name":"wp","href":"https:\/\/api.w.org\/{rel}","templated":true}]}}