{"id":9122,"date":"2020-03-16T00:00:00","date_gmt":"2020-03-16T00:00:00","guid":{"rendered":"https:\/\/www.edypro-online.com\/en-edypro-extremamos-las-medidas-de-salud-y-prevencion-por-el-covid19-para-continuar-con-nuestro-servicio\/"},"modified":"2020-03-16T00:00:00","modified_gmt":"2020-03-16T00:00:00","slug":"en-edypro-extremamos-las-medidas-de-salud-y-prevencion-por-el-covid19-para-continuar-con-nuestro-servicio","status":"publish","type":"post","link":"https:\/\/edyprobiotec.com\/it\/en-edypro-extremamos-las-medidas-de-salud-y-prevencion-por-el-covid19-para-continuar-con-nuestro-servicio\/","title":{"rendered":"En EDYPRO extremamos las medidas de salud y prevenci\u00f3n por el COVID19 para continuar con nuestro servicio"},"content":{"rendered":"<p style=\"text-align: justify;\">En <strong>EDYPRO<\/strong> somos conscientes de que la agricultura es la base de la alimentaci\u00f3n y, por tanto, es nuestro deber ante la sociedad continuar proveyendo a los agricultores de nuestras soluciones para que produzcan alimentos sanos en estas condiciones de circunstancias\u00a0extraordinarias\u00a0marcadas por la declaraci\u00f3n del estado de alerta en nuestro pa\u00eds.<\/p>\n<p style=\"text-align: justify;\">En nuestra compa\u00f1\u00eda somos personas que trabajamos con personas para personas,\u00a0por ello anteponemos la salud y bienestar de las personas a otros intereses.<\/p>\n<p style=\"text-align: justify;\">En este sentido, les informamos de las medidas extraordinarias que hemos tomado para mantener la actividad de la empresa y atender el suministro de productos biotecnol\u00f3gicos y asistencia t\u00e9cnica a nuestros clientes;<\/p>\n<ul>\n<li style=\"text-align: justify;\">Nuestra f\u00e1brica sigue trabajando, pero en horario de jornada intensiva.<\/li>\n<li style=\"text-align: justify;\">Nuestra oficina seguir\u00e1 trabajando, pero a\u00a0puerta\u00a0cerrada.<\/li>\n<li style=\"text-align: justify;\">Nuestro departamento T\u00e9cnico atender\u00e1 a los clientes v\u00eda tel\u00e9fono, whatsapp, e-mail o skype.<\/li>\n<li style=\"text-align: justify;\">Los pedidos ser\u00e1n atendidos del mejor modo posible ya que, como bien saben, en <strong>EDYPRO<\/strong> trabajamos con stock de productos para dar el mejor servicio. Sin embargo es posible que hayan retrasos en entregas de pedidos.<\/li>\n<\/ul>\n<p style=\"text-align: justify;\">Quedamos a su plena disposici\u00f3n para todo aquello que puedan necesitar. Y les deseamos salud y \u00e1nimo en estos excepcionales momentos.<\/p>","protected":false},"excerpt":{"rendered":"<p>En EDYPRO somos conscientes de que la agricultura es la base de la alimentaci\u00f3n y, por tanto, es nuestro deber ante la sociedad continuar proveyendo a los agricultores de nuestras soluciones para que produzcan alimentos sanos en estas condiciones de circunstancias\u00a0extraordinarias\u00a0marcadas por la declaraci\u00f3n del estado de alerta en nuestro pa\u00eds. En nuestra compa\u00f1\u00eda somos [&hellip;]<\/p>\n","protected":false},"author":1,"featured_media":12580,"comment_status":"closed","ping_status":"closed","sticky":false,"template":"","format":"standard","meta":{"_acf_changed":false,"inline_featured_image":false,"footnotes":""},"categories":[56],"tags":[],"class_list":["post-9122","post","type-post","status-publish","format-standard","has-post-thumbnail","hentry","category-actualidad"],"acf":[],"_links":{"self":[{"href":"https:\/\/edyprobiotec.com\/it\/wp-json\/wp\/v2\/posts\/9122","targetHints":{"allow":["GET"]}}],"collection":[{"href":"https:\/\/edyprobiotec.com\/it\/wp-json\/wp\/v2\/posts"}],"about":[{"href":"https:\/\/edyprobiotec.com\/it\/wp-json\/wp\/v2\/types\/post"}],"author":[{"embeddable":true,"href":"https:\/\/edyprobiotec.com\/it\/wp-json\/wp\/v2\/users\/1"}],"replies":[{"embeddable":true,"href":"https:\/\/edyprobiotec.com\/it\/wp-json\/wp\/v2\/comments?post=9122"}],"version-history":[{"count":0,"href":"https:\/\/edyprobiotec.com\/it\/wp-json\/wp\/v2\/posts\/9122\/revisions"}],"wp:featuredmedia":[{"embeddable":true,"href":"https:\/\/edyprobiotec.com\/it\/wp-json\/wp\/v2\/media\/12580"}],"wp:attachment":[{"href":"https:\/\/edyprobiotec.com\/it\/wp-json\/wp\/v2\/media?parent=9122"}],"wp:term":[{"taxonomy":"category","embeddable":true,"href":"https:\/\/edyprobiotec.com\/it\/wp-json\/wp\/v2\/categories?post=9122"},{"taxonomy":"post_tag","embeddable":true,"href":"https:\/\/edyprobiotec.com\/it\/wp-json\/wp\/v2\/tags?post=9122"}],"curies":[{"name":"wp","href":"https:\/\/api.w.org\/{rel}","templated":true}]}}