{"id":9123,"date":"2020-03-23T00:00:00","date_gmt":"2020-03-23T00:00:00","guid":{"rendered":"https:\/\/www.edypro-online.com\/entrevista-a-david-pena-agricultor-y-ganador-del-concurso-de-un-viaje-a-las-islas-fiji\/"},"modified":"2020-03-23T00:00:00","modified_gmt":"2020-03-23T00:00:00","slug":"entrevista-a-david-pena-agricultor-y-ganador-del-concurso-de-un-viaje-a-las-islas-fiji","status":"publish","type":"post","link":"https:\/\/edyprobiotec.com\/it\/entrevista-a-david-pena-agricultor-y-ganador-del-concurso-de-un-viaje-a-las-islas-fiji\/","title":{"rendered":"Entrevista a David Pe\u00f1a, agricultor y ganador del concurso de un viaje a las Islas Fiji"},"content":{"rendered":"<p>David Pe\u00f1a es un joven ingeniero agr\u00f3nomo y agricultor que contin\u00faa con la actividad y finca de su padre en el campo almeriense. Se trata de la tercera generaci\u00f3n que est\u00e1 vinculada a la tierra en su familia. Hoy nos traslada cu\u00e1l es su experiencia con las soluciones biotecnol\u00f3gicas de <strong>EDYPRO<\/strong>.<\/p>\n<p><img fetchpriority=\"high\" decoding=\"async\" class=\"size-medium wp-image-9869 aligncenter\" src=\"https:\/\/edyprobiotec.com\/wp-content\/uploads\/2020\/03\/Foto-1-300x214.png\" alt=\"\" width=\"300\" height=\"214\" srcset=\"https:\/\/edyprobiotec.com\/wp-content\/uploads\/2020\/03\/Foto-1-300x214.png 300w, https:\/\/edyprobiotec.com\/wp-content\/uploads\/2020\/03\/Foto-1-768x547.png 768w, https:\/\/edyprobiotec.com\/wp-content\/uploads\/2020\/03\/Foto-1.png 976w\" sizes=\"(max-width: 300px) 100vw, 300px\" \/><\/p>\n<p><strong>H\u00e1blanos de tu experiencia personal \u00bfC\u00f3mo es tu finca, qu\u00e9 tipo de cultivo trabajas y en qu\u00e9 lugar se encuentra?<\/strong><\/p>\n<p>Yo soy la tercera generaci\u00f3n dedicada a la agricultura, por lo que mi familia se ha dedicado a esto desde que yo tengo uso de raz\u00f3n, y en exclusiva nos dedicamos al cultivo del tomate. Mi formaci\u00f3n es la de Ingeniero Agr\u00f3nomo. Y desde hace tres a\u00f1os empec\u00e9 en el negocio familiar.<\/p>\n<p>Contamos con 5 hect\u00e1reas en Almer\u00eda capital de cultivo bajo abrigo y con doble techo. Las condiciones climatol\u00f3gicas aqu\u00ed son muy buenas. Y desde hace alg\u00fan tiempo hemos hecho una apuesta por un cambio varietal de tomate; Cherry rama para Lobello, tomate San Marzano y Coraz\u00f3n de Buey, ya que este tipo de variedades se pagan mejor.<\/p>\n<p><strong>\u00bfCu\u00e1l es tu experiencia con las soluciones biotecnol\u00f3gicas de EDYPRO? <\/strong><\/p>\n<p>Mi padre, que lleva en el negocio muchos m\u00e1s a\u00f1os que yo me comenta que conoce a <strong>EDYPRO<\/strong> desde hace unos 10 a\u00f1os, momento en el que desde <strong>Fitoca\u00f1ada<\/strong> empezaron a distribuir sus soluciones biotecnol\u00f3gicas.<\/p>\n<p><strong>\u00bfPor el tipo de cultivo, cu\u00e1les son las soluciones biotecnol\u00f3gicas de EDYPRO que m\u00e1s utilizas en ellos, y qu\u00e9 resultados has obtenido? <\/strong><\/p>\n<p><a href=\"https:\/\/edyprobiotec.com\/it\/prodotto\/biotecnologia-de-precision\/procuaje-radicular\/\"><strong>PROCUAJE RADICULAR<\/strong><\/a>, nos da mucho equilibrio durante el proceso de la floraci\u00f3n porque hay \u00e9pocas del a\u00f1o en las que el fr\u00edo afecta a la floraci\u00f3n, adem\u00e1s de ser Residuo 0. <a href=\"https:\/\/edyprobiotec.com\/it\/es\/prodotto\/biotecnologia-de-control\/revolution\/\"><strong>REVOLUTION<\/strong><\/a>, para el control de la mosca blanca.<\/p>\n<p><strong><a href=\"https:\/\/edyprobiotec.com\/it\/es\/prodotto\/biotecnologia-de-precision\/coupe-regeneracion-plus\/\">COUP\u00c9 REGENERACI\u00d3N PLUS<\/a><\/strong>, nos gusta mucho porque ayuda a potenciar el sistema radicular y ayuda a la planta a que nunca est\u00e9 falta de nutrientes ya que en invierno siempre pierde un poco de ra\u00edz y esta soluci\u00f3n biotecnol\u00f3gica le ayuda.<\/p>\n<p>Y <a href=\"https:\/\/edyprobiotec.com\/it\/es\/prodotto\/biotecnologia-de-precision\/edyfruit-engorde-radicular\/\"><strong>EDYFRUIT ENGORDE RADICULAR<\/strong><\/a>, ya que cuando lo utilizas, a los cuatro o cinco d\u00edas ya notas que el fruto del tomate aumenta y tiene repercusi\u00f3n en su calidad. Tambi\u00e9n contamos en numerosas ocasiones con <a href=\"https:\/\/edyprobiotec.com\/it\/es\/prodotto\/biotecnologia-de-fertilizacion\/edyfos\/\"><strong>EDYFOS<\/strong><\/a>, que es una ayuda extra para la planta en \u00e9pocas de estr\u00e9s.<\/p>\n<p><strong>Estamos viendo como el mercado demanda productos agr\u00edcolas cada vez m\u00e1s ecol\u00f3gicos, con Residuo 0 y solo cuando se trata de productos de calidad est\u00e1 dispuesto a pagar esa calidad \u00bfCu\u00e1l es vuestra experiencia en este sentido?<\/strong><\/p>\n<p>S\u00ed que hay una tendencia hacia producciones de mayor calidad, sabor y mejor apariencia. Yo creo que si tu das al mercado especialidades y sabor puedes tener un plus en el precio y con ello poder seguir invirtiendo en tu negocio e innovando para que no se quede atr\u00e1s.<\/p>\n<p><strong>Adem\u00e1s del resultado de las soluciones de EDYPRO \u00bfqu\u00e9 valoras en una compa\u00f1\u00eda de sus caracter\u00edsticas? <\/strong><\/p>\n<p>Su innovaci\u00f3n y las soluciones que aporta con ellas a los problemas del campo. <strong>EDYPRO<\/strong> est\u00e1 constantemente investigando para dar soluciones actuales al campo y por eso nunca se queda atr\u00e1s. Adem\u00e1s de la cercan\u00eda que tiene con el distribuidor y agricultor y el asesoramiento t\u00e9cnico que aplica a los problemas que se van generando en campo.<\/p>\n<p>Y algo muy importante de lo que otras compa\u00f1\u00edas del sector carecen que es la apuesta que est\u00e1 haciendo por la comunicaci\u00f3n en redes sociales y medios de comunicaci\u00f3n porque esto le da mucha visibilidad a la agricultura y a la compa\u00f1\u00eda para llegar al agricultor y es tambi\u00e9n otra forma de innovar.<\/p>\n<p><strong>Para ti, el manejo de soluciones biotecnol\u00f3gicas de EDYPRO ha dado como resultado el premio de un viaje a las Islas Fiji \u00bfC\u00f3mo viviste este sorteo?<\/strong><\/p>\n<p><strong>\u00a0<\/strong>Pues, con una alegr\u00eda inmensa porque cuando me informaron pens\u00e9 que no me iba a tocar porque siempre que participas en este tipo de concursos piensas que hay muy pocas oportunidades pero cuando me llamaron fue una alegr\u00eda inmensa.<\/p>\n<p>La verdad es que es un destino que pocas veces se te pasa por la cabeza porque es muy lejano, pero voy a disfrutarlo mucho.<\/p>","protected":false},"excerpt":{"rendered":"<p>David Pe\u00f1a es un joven ingeniero agr\u00f3nomo y agricultor que contin\u00faa con la actividad y finca de su padre en el campo almeriense. Se trata de la tercera generaci\u00f3n que est\u00e1 vinculada a la tierra en su familia. Hoy nos traslada cu\u00e1l es su experiencia con las soluciones biotecnol\u00f3gicas de EDYPRO. H\u00e1blanos de tu experiencia [&hellip;]<\/p>\n","protected":false},"author":1,"featured_media":12581,"comment_status":"closed","ping_status":"closed","sticky":false,"template":"","format":"standard","meta":{"_acf_changed":false,"inline_featured_image":false,"footnotes":""},"categories":[56],"tags":[],"class_list":["post-9123","post","type-post","status-publish","format-standard","has-post-thumbnail","hentry","category-actualidad"],"acf":[],"_links":{"self":[{"href":"https:\/\/edyprobiotec.com\/it\/wp-json\/wp\/v2\/posts\/9123","targetHints":{"allow":["GET"]}}],"collection":[{"href":"https:\/\/edyprobiotec.com\/it\/wp-json\/wp\/v2\/posts"}],"about":[{"href":"https:\/\/edyprobiotec.com\/it\/wp-json\/wp\/v2\/types\/post"}],"author":[{"embeddable":true,"href":"https:\/\/edyprobiotec.com\/it\/wp-json\/wp\/v2\/users\/1"}],"replies":[{"embeddable":true,"href":"https:\/\/edyprobiotec.com\/it\/wp-json\/wp\/v2\/comments?post=9123"}],"version-history":[{"count":0,"href":"https:\/\/edyprobiotec.com\/it\/wp-json\/wp\/v2\/posts\/9123\/revisions"}],"wp:featuredmedia":[{"embeddable":true,"href":"https:\/\/edyprobiotec.com\/it\/wp-json\/wp\/v2\/media\/12581"}],"wp:attachment":[{"href":"https:\/\/edyprobiotec.com\/it\/wp-json\/wp\/v2\/media?parent=9123"}],"wp:term":[{"taxonomy":"category","embeddable":true,"href":"https:\/\/edyprobiotec.com\/it\/wp-json\/wp\/v2\/categories?post=9123"},{"taxonomy":"post_tag","embeddable":true,"href":"https:\/\/edyprobiotec.com\/it\/wp-json\/wp\/v2\/tags?post=9123"}],"curies":[{"name":"wp","href":"https:\/\/api.w.org\/{rel}","templated":true}]}}