{"id":9128,"date":"2020-04-22T00:00:00","date_gmt":"2020-04-22T00:00:00","guid":{"rendered":"https:\/\/www.edypro-online.com\/por-que-coupe-regeneracion-plus-es-el-mejor-aliado-para-regenerar-tu-suelo\/"},"modified":"2020-04-22T00:00:00","modified_gmt":"2020-04-22T00:00:00","slug":"por-que-coupe-regeneracion-plus-es-el-mejor-aliado-para-regenerar-tu-suelo","status":"publish","type":"post","link":"https:\/\/edyprobiotec.com\/it\/por-que-coupe-regeneracion-plus-es-el-mejor-aliado-para-regenerar-tu-suelo\/","title":{"rendered":"\u00bfPor qu\u00e9 COUP\u00c9 REGENERACI\u00d3N Plus es el mejor aliado para regenerar tu suelo?"},"content":{"rendered":"<p style=\"text-align: justify;\">Hoy se celebra el <strong>D\u00eda Internacional de la Madre Tierra<\/strong>, una efem\u00e9ride oficial proclamada por las Naciones Unidas en 2009 cuyo objetivo es concienciar a la humanidad sobre los problemas derivados de la superpoblaci\u00f3n, la conservaci\u00f3n de la biodiversidad y la contaminaci\u00f3n.<\/p>\n<p style=\"text-align: justify;\">En <strong>EDYPRO<\/strong> sabemos que el suelo es la base del \u00e9xito de la agricultura. Y, por tanto, su conservaci\u00f3n es esencial para la perduraci\u00f3n de la humanidad. La disposici\u00f3n de suelos activos y bien regenerados es la mejor garant\u00eda de \u00e9xito antes de empezar una nueva cosecha.<\/p>\n<p style=\"text-align: justify;\">En este sentido hemos desarrollado <a href=\"https:\/\/edyprobiotec.com\/it\/prodotto\/biotecnologia-de-precision\/coupe-regeneracion-plus\/\"><strong>COUP\u00c9 REGENERACI\u00d3N PLUS<\/strong><\/a>, un regenerador del microbioma del suelo de cultivo con acci\u00f3n r\u00e1pida que act\u00faa aumentando la capacidad de intercambio cati\u00f3nico y desplazando las sales t\u00f3xicas del complejo arcillo-h\u00famico.<\/p>\n<p style=\"text-align: justify;\">Los seis resultados que logra <a href=\"https:\/\/edyprobiotec.com\/it\/prodotto\/biotecnologia-de-precision\/coupe-regeneracion-plus\/\"><strong>COUP\u00c9 REGENERACI\u00d3N\u00a0PLUS<\/strong><\/a>\u00a0en los suelos son;<\/p>\n<ul>\n<li style=\"text-align: justify;\"><strong>Reactiva la fauna microbiana del suelo de cultivo<\/strong> <strong>(efecto prebi\u00f3tico)<\/strong> y permite disponer de suelos de cultivo activos, sanos y con gran capacidad de desarrollo vegetativo. Y as\u00ed logra que la poblaci\u00f3n microbiana propia del suelo se hipermultiplique en un breve periodo de tiempo. Con esta acci\u00f3n cultivamos bajando las dotaciones de nitr\u00f3geno y obtenemos cultivos bien nutridos en los cuales cubrimos todas sus necesidades nutritivas.<\/li>\n<li style=\"text-align: justify;\"><strong>Sustituye parte del abonado mineral<\/strong> y consigue llevar el cultivo adelante con menos dotaci\u00f3n de fertilizante qu\u00edmico. A la vez aumenta el rendimiento de los fertilizantes aportados, <strong>reduciendo el\u00a0porcentaje de nitratos que se acumulan en el suelo y en las aguas.<br \/>\n<\/strong><em><strong>En esta funci\u00f3n se presenta el compromiso medioambiental y social de la empresa EDYPRO, dentro del cual velamos por la fertilidad y sostenibilidad de la tierra y evitamos la contaminaci\u00f3n de los aquiferos.<\/strong><\/em><\/li>\n<li style=\"text-align: justify;\"><strong>Desplaza eficazmente el ion-sodio<\/strong> y las sales t\u00f3xicas (sulfatos, cloruros) de la parte superior del suelo de cultivo.<\/li>\n<li style=\"text-align: justify;\">Con aguas salinas <strong>impide que el ion-sodio se fije a los aniones y cationes del suelo<\/strong>, liberando el complejo Arcillo-H\u00famico de sales t\u00f3xicas.<\/li>\n<li style=\"text-align: justify;\"><strong>Prolonga la vida \u00fatil de la planta en la fase final<\/strong> y permite un mejor engorde de los frutos o llenado completo de las espigas, reduciendo el porcentaje de granos vac\u00edos.<\/li>\n<li style=\"text-align: justify;\"><strong>Equilibra y eleva la relaci\u00f3n Carbono\/Nitr\u00f3geno,<\/strong> imprescindible para el buen desarrollo de las plantas. Adem\u00e1s de mejorar la transformaci\u00f3n y la descomposici\u00f3n de la materia org\u00e1nica en humus y nutrientes. Al tiempo que produce un sistema radicular m\u00e1s ramificado, con mayor n\u00famero de ra\u00edces profundas e incrementa el n\u00famero de pelos absorbentes ya que mejora la absorci\u00f3n de agua y nutrientes, obteniendo un crecimiento m\u00e1s constante con mejor tolerancia a la sequ\u00eda y al estr\u00e9s.<\/li>\n<\/ul>\n<p style=\"text-align: justify;\">Adem\u00e1s de aumentar la oxigenaci\u00f3n, el drenaje y provocar el engrosamiento del tronco, ra\u00edz y fruto.<\/p>\n<p style=\"text-align: justify;\">El cuidado y conservaci\u00f3n del suelo, as\u00ed como su regeneraci\u00f3n es beneficioso para el medio ambiente, la agricultura y el agricultor. Si necesitas m\u00e1s informaci\u00f3n sobre la aplicaci\u00f3n de <a href=\"https:\/\/edyprobiotec.com\/it\/prodotto\/biotecnologia-de-precision\/coupe-regeneracion-plus\/\"><strong>COUP\u00c9 REGENERACI\u00d3N\u00a0PLUS<\/strong><\/a>, puedes encontrarla en este <a href=\"https:\/\/edyprobiotec.com\/it\/prodotto\/biotecnologia-de-precision\/coupe-regeneracion-plus\/\">link<\/a>.<\/p>\n<p>&nbsp;<\/p>","protected":false},"excerpt":{"rendered":"<p>Hoy se celebra el D\u00eda Internacional de la Madre Tierra, una efem\u00e9ride oficial proclamada por las Naciones Unidas en 2009 cuyo objetivo es concienciar a la humanidad sobre los problemas derivados de la superpoblaci\u00f3n, la conservaci\u00f3n de la biodiversidad y la contaminaci\u00f3n. En EDYPRO sabemos que el suelo es la base del \u00e9xito de la [&hellip;]<\/p>\n","protected":false},"author":1,"featured_media":12586,"comment_status":"closed","ping_status":"closed","sticky":false,"template":"","format":"standard","meta":{"_acf_changed":false,"inline_featured_image":false,"footnotes":""},"categories":[56],"tags":[59,80],"class_list":["post-9128","post","type-post","status-publish","format-standard","has-post-thumbnail","hentry","category-actualidad","tag-coupe-regeneracion-plus","tag-suelo-de-cultivo"],"acf":[],"_links":{"self":[{"href":"https:\/\/edyprobiotec.com\/it\/wp-json\/wp\/v2\/posts\/9128","targetHints":{"allow":["GET"]}}],"collection":[{"href":"https:\/\/edyprobiotec.com\/it\/wp-json\/wp\/v2\/posts"}],"about":[{"href":"https:\/\/edyprobiotec.com\/it\/wp-json\/wp\/v2\/types\/post"}],"author":[{"embeddable":true,"href":"https:\/\/edyprobiotec.com\/it\/wp-json\/wp\/v2\/users\/1"}],"replies":[{"embeddable":true,"href":"https:\/\/edyprobiotec.com\/it\/wp-json\/wp\/v2\/comments?post=9128"}],"version-history":[{"count":0,"href":"https:\/\/edyprobiotec.com\/it\/wp-json\/wp\/v2\/posts\/9128\/revisions"}],"wp:featuredmedia":[{"embeddable":true,"href":"https:\/\/edyprobiotec.com\/it\/wp-json\/wp\/v2\/media\/12586"}],"wp:attachment":[{"href":"https:\/\/edyprobiotec.com\/it\/wp-json\/wp\/v2\/media?parent=9128"}],"wp:term":[{"taxonomy":"category","embeddable":true,"href":"https:\/\/edyprobiotec.com\/it\/wp-json\/wp\/v2\/categories?post=9128"},{"taxonomy":"post_tag","embeddable":true,"href":"https:\/\/edyprobiotec.com\/it\/wp-json\/wp\/v2\/tags?post=9128"}],"curies":[{"name":"wp","href":"https:\/\/api.w.org\/{rel}","templated":true}]}}